{"id":368,"date":"2015-08-02T22:47:22","date_gmt":"2015-08-03T01:47:22","guid":{"rendered":"http:\/\/iita.com.ar\/?p=368"},"modified":"2015-08-02T22:47:22","modified_gmt":"2015-08-03T01:47:22","slug":"368","status":"publish","type":"post","link":"https:\/\/iita.com.ar\/salta\/2015\/08\/02\/368\/","title":{"rendered":"Invitaci\u00f3n curso dise\u00f1ando tu futuro"},"content":{"rendered":"<p><a href=\"https:\/\/i0.wp.com\/iita.com.ar\/wp-content\/uploads\/2015\/08\/afiche-curso-dise%C3%B1ando-tu-futuro.jpg\"><img data-recalc-dims=\"1\" loading=\"lazy\" decoding=\"async\" class=\"alignnone wp-image-373\" src=\"https:\/\/i0.wp.com\/iita.com.ar\/wp-content\/uploads\/2015\/08\/afiche-curso-dise%C3%B1ando-tu-futuro.jpg?resize=1170%2C820\" alt=\"afiche curso dise\u00f1ando tu futuro\" width=\"1170\" height=\"820\" srcset=\"https:\/\/i0.wp.com\/iita.com.ar\/salta\/wp-content\/uploads\/sites\/8\/2015\/08\/afiche-curso-dise%C3%B1ando-tu-futuro.jpg?w=1581&amp;ssl=1 1581w, https:\/\/i0.wp.com\/iita.com.ar\/salta\/wp-content\/uploads\/sites\/8\/2015\/08\/afiche-curso-dise%C3%B1ando-tu-futuro.jpg?resize=300%2C210&amp;ssl=1 300w, https:\/\/i0.wp.com\/iita.com.ar\/salta\/wp-content\/uploads\/sites\/8\/2015\/08\/afiche-curso-dise%C3%B1ando-tu-futuro.jpg?resize=768%2C539&amp;ssl=1 768w, https:\/\/i0.wp.com\/iita.com.ar\/salta\/wp-content\/uploads\/sites\/8\/2015\/08\/afiche-curso-dise%C3%B1ando-tu-futuro.jpg?resize=1024%2C718&amp;ssl=1 1024w\" sizes=\"auto, (max-width: 1170px) 100vw, 1170px\" \/><\/a><\/p>\n<p>Te invitamos al Curso \u00abDise\u00f1ando tu Futuro\u00bb donde te daremos todas las habilidades blandas que necesitas para alcanzar tus metas.<\/p>\n<p>El Mi\u00e9rcoles 5 de Agosto de 20 a 21:30 dimos una charla introductoria gratuita y debido al gran inter\u00e9s generado el Lunes 10 daremos otra charla gratuita de 14:30 a 15:30. \u00a0No te la pierdas.<\/p>\n<p>Estamos abrierndo un nueva \u00e1rea de cursos de formaci\u00f3n en \u201cSoft Skills\u201d, habilidades blandas dentro del instituto de Innovaci\u00f3n y Tecnolog\u00eda Aplicada y por eso te invitamos a participar de esta charla.<\/p>\n<div class=\"text_exposed_show\">\n<p>El actual desempe\u00f1o laboral no se expresa s\u00f3lo en la cantidad de conocimientos que se posee sino tambi\u00e9n en la manera en que nos desenvolvemos. Por lo tanto es necesario contar por un lado, con las habilidades duras (hard skills), es decir aquellas competencias vinculadas directamente con las tarea laboral, los conocimientos y habilidades sobre un tema en espec\u00edfico que permiten desempe\u00f1arse en ese \u00e1rea. Por otro lado, las habilidades blandas (soft skills) aquellas asociadas al comportamiento de la persona, su desempe\u00f1o social, liderazgo y manejo emocional.<br \/>\nActualmente en el mundo laboral y de los emprendimientos independientes se requiere la complementaci\u00f3n generada por ambos tipos de competencias lo cual tiende a proporcionar mayores fortalezas, ya que permite tener individuos con mayor visi\u00f3n de futuro, capaces de generar equipos de trabajo coordinados y eficientes, y comprometidos con la responsabilidad social.<br \/>\nDentro del \u00e1rea daremos cursos de: Comunicaci\u00f3n y escucha, trabajo en equipo, liderazgo, motivaci\u00f3n y creatividad, inteligencia emocional, manejo de las emociones, hablar en p\u00fablico<\/p>\n<p>Particularmente iniciaremos las actividades con una charla gratuita donde daremos detalles de las actividades que desarrollaremos durante el a\u00f1o y un Taller llamado \u201cdise\u00f1ando tu futuro\u201d.<\/p>\n<p>Agradeceremos confirmar asistencia a consultas@iita.com.ar o al 543875442676 o al 0387 4312900<\/p>\n<\/div>\n<p>&nbsp;<\/p>\n","protected":false},"excerpt":{"rendered":"<p>Te invitamos al Curso \u00abDise\u00f1ando tu Futuro\u00bb donde te daremos todas las habilidades blandas que necesitas para alcanzar tus metas. El Mi\u00e9rcoles 5 de Agosto de 20 a 21:30 dimos una charla introductoria gratuita y debido al gran inter\u00e9s generado el Lunes 10 daremos otra charla gratuita de 14:30 a 15:30. \u00a0No te la pierdas. [&hellip;]<\/p>\n","protected":false},"author":1,"featured_media":0,"comment_status":"open","ping_status":"open","sticky":false,"template":"","format":"standard","meta":{"jetpack_post_was_ever_published":false,"_jetpack_newsletter_access":"","_jetpack_dont_email_post_to_subs":false,"_jetpack_newsletter_tier_id":0,"_jetpack_memberships_contains_paywalled_content":false,"_jetpack_memberships_contains_paid_content":false,"footnotes":"","jetpack_publicize_message":"","jetpack_publicize_feature_enabled":true,"jetpack_social_post_already_shared":true,"jetpack_social_options":{"image_generator_settings":{"template":"highway","default_image_id":0,"font":"","enabled":false},"version":2}},"categories":[1],"tags":[],"class_list":{"0":"post-368","1":"post","2":"type-post","3":"status-publish","4":"format-standard","6":"category-uncategorized","7":"czr-hentry"},"aioseo_notices":[],"jetpack_publicize_connections":[],"jetpack_featured_media_url":"","jetpack_sharing_enabled":true,"jetpack_shortlink":"https:\/\/wp.me\/s9QtGz-368","_links":{"self":[{"href":"https:\/\/iita.com.ar\/salta\/wp-json\/wp\/v2\/posts\/368","targetHints":{"allow":["GET"]}}],"collection":[{"href":"https:\/\/iita.com.ar\/salta\/wp-json\/wp\/v2\/posts"}],"about":[{"href":"https:\/\/iita.com.ar\/salta\/wp-json\/wp\/v2\/types\/post"}],"author":[{"embeddable":true,"href":"https:\/\/iita.com.ar\/salta\/wp-json\/wp\/v2\/users\/1"}],"replies":[{"embeddable":true,"href":"https:\/\/iita.com.ar\/salta\/wp-json\/wp\/v2\/comments?post=368"}],"version-history":[{"count":0,"href":"https:\/\/iita.com.ar\/salta\/wp-json\/wp\/v2\/posts\/368\/revisions"}],"wp:attachment":[{"href":"https:\/\/iita.com.ar\/salta\/wp-json\/wp\/v2\/media?parent=368"}],"wp:term":[{"taxonomy":"category","embeddable":true,"href":"https:\/\/iita.com.ar\/salta\/wp-json\/wp\/v2\/categories?post=368"},{"taxonomy":"post_tag","embeddable":true,"href":"https:\/\/iita.com.ar\/salta\/wp-json\/wp\/v2\/tags?post=368"}],"curies":[{"name":"wp","href":"https:\/\/api.w.org\/{rel}","templated":true}]}}