{"id":356,"date":"2015-07-29T15:57:01","date_gmt":"2015-07-29T18:57:01","guid":{"rendered":"http:\/\/iita.com.ar\/?p=356"},"modified":"2015-07-29T15:57:01","modified_gmt":"2015-07-29T18:57:01","slug":"356","status":"publish","type":"post","link":"https:\/\/iita.com.ar\/salta\/2015\/07\/29\/356\/","title":{"rendered":"Apertura del nueva \u00e1rea de cursos de formaci\u00f3n en \u201cSoft Skills\u201d, habilidades blandas dentro del instituto de Innovaci\u00f3n y Tecnolog\u00eda Aplicada."},"content":{"rendered":"<p><strong>Apertura del nueva \u00e1rea de cursos de formaci\u00f3n en\u00a0\u201cSoft Skills\u201d, habilidades blandas dentro del instituto de Innovaci\u00f3n y Tecnolog\u00eda Aplicada.\u00a0<\/strong><\/p>\n<p>&nbsp;<\/p>\n<p>El actual desempe\u00f1o laboral no se expresa s\u00f3lo en la cantidad de CONOCIMIENTO que se posee sino tambi\u00e9n en la manera en que nos DESENVOLVEMOS. Por lo tanto es necesario contar por un lado, con las habilidades duras (hard skills), es decir aquellas competencias vinculadas directamente con las tarea laboral, los conocimientos y habilidades sobre un tema en espec\u00edfico que permiten desempe\u00f1arse en ese \u00e1rea. Por otro lado, las habilidades blandas (soft skills) aquellas asociadas al comportamiento de la persona, su desempe\u00f1o social, liderazgo y manejo emocional.<\/p>\n<p>Actualmente en el mundo laboral y del emprendimiento se requiere la complementariedad generada\u00a0 por ambos tipos de competencias lo cual tiende a proporcionar mayores fortalezas, ya que permite tener individuos con mayor visi\u00f3n de futuro, capaces de generar equipos de trabajo sin\u00e9rgicos y comprometidos con la responsabilidad social.<\/p>\n<p>&nbsp;<\/p>\n<p>Dentro del \u00e1rea daremos cursos de: Comunicaci\u00f3n y escucha, trabajo en equipo, liderazgo, motivaci\u00f3n y \u00a0\u00a0creatividad, inteligencia emocional, manejo de las emociones, hablar en p\u00fablico<\/p>\n<p>&nbsp;<\/p>\n<p>Particularmente iniciaremos las actividades con un Taller llamado\u00a0\u201cdise\u00f1ando tu futuro\u201d<\/p>\n<p>Un espacio en el que se brindar\u00e1n herramientas que permitan analizar estrategias para fomentar el desarrollo o la generaci\u00f3n de un emprendimiento propio, ayudando a generar empleabilidad y confianza en s\u00ed mismos para concretar los propios proyectos.<\/p>\n<p><u>Dirigido a<\/u>: Personas con inquietud de emprender, en b\u00fasqueda de empleo, que deseen orientar su carrera, o aspiran a un crecimiento laboral o profesional.<\/p>\n<p><u>Modalidad<\/u>: te\u00f3rico- pr\u00e1ctica<\/p>\n<p><u>Duraci\u00f3n<\/u>: dos meses con clases una vez a la semana de 3 horas cada una.<\/p>\n<p><u>Dictado por<\/u>: Lic. Patricia Petrecca<\/p>\n","protected":false},"excerpt":{"rendered":"<p>Apertura del nueva \u00e1rea de cursos de formaci\u00f3n en\u00a0\u201cSoft Skills\u201d, habilidades blandas dentro del instituto de Innovaci\u00f3n y Tecnolog\u00eda Aplicada.\u00a0 &nbsp; El actual desempe\u00f1o laboral no se expresa s\u00f3lo en la cantidad de CONOCIMIENTO que se posee sino tambi\u00e9n en la manera en que nos DESENVOLVEMOS. Por lo tanto es necesario contar por un lado, [&hellip;]<\/p>\n","protected":false},"author":1,"featured_media":0,"comment_status":"closed","ping_status":"closed","sticky":false,"template":"","format":"standard","meta":{"jetpack_post_was_ever_published":false,"_jetpack_newsletter_access":"","_jetpack_dont_email_post_to_subs":false,"_jetpack_newsletter_tier_id":0,"_jetpack_memberships_contains_paywalled_content":false,"_jetpack_memberships_contains_paid_content":false,"footnotes":"","jetpack_publicize_message":"","jetpack_publicize_feature_enabled":true,"jetpack_social_post_already_shared":true,"jetpack_social_options":{"image_generator_settings":{"template":"highway","default_image_id":0,"font":"","enabled":false},"version":2}},"categories":[1],"tags":[],"class_list":{"0":"post-356","1":"post","2":"type-post","3":"status-publish","4":"format-standard","6":"category-uncategorized","7":"czr-hentry"},"aioseo_notices":[],"jetpack_publicize_connections":[],"jetpack_featured_media_url":"","jetpack_sharing_enabled":true,"jetpack_shortlink":"https:\/\/wp.me\/s9QtGz-356","_links":{"self":[{"href":"https:\/\/iita.com.ar\/salta\/wp-json\/wp\/v2\/posts\/356","targetHints":{"allow":["GET"]}}],"collection":[{"href":"https:\/\/iita.com.ar\/salta\/wp-json\/wp\/v2\/posts"}],"about":[{"href":"https:\/\/iita.com.ar\/salta\/wp-json\/wp\/v2\/types\/post"}],"author":[{"embeddable":true,"href":"https:\/\/iita.com.ar\/salta\/wp-json\/wp\/v2\/users\/1"}],"replies":[{"embeddable":true,"href":"https:\/\/iita.com.ar\/salta\/wp-json\/wp\/v2\/comments?post=356"}],"version-history":[{"count":0,"href":"https:\/\/iita.com.ar\/salta\/wp-json\/wp\/v2\/posts\/356\/revisions"}],"wp:attachment":[{"href":"https:\/\/iita.com.ar\/salta\/wp-json\/wp\/v2\/media?parent=356"}],"wp:term":[{"taxonomy":"category","embeddable":true,"href":"https:\/\/iita.com.ar\/salta\/wp-json\/wp\/v2\/categories?post=356"},{"taxonomy":"post_tag","embeddable":true,"href":"https:\/\/iita.com.ar\/salta\/wp-json\/wp\/v2\/tags?post=356"}],"curies":[{"name":"wp","href":"https:\/\/api.w.org\/{rel}","templated":true}]}}